{"id":320,"date":"2019-10-07T16:30:59","date_gmt":"2019-10-07T16:30:59","guid":{"rendered":"http:\/\/glaszwerg.com\/?p=320"},"modified":"2019-10-07T16:30:59","modified_gmt":"2019-10-07T16:30:59","slug":"der-apfel","status":"publish","type":"post","link":"https:\/\/glaszwerg.com\/?p=320","title":{"rendered":"Der Apfel &#8230;."},"content":{"rendered":"\n<p>&#8230; f\u00e4llt einem in Ahlerstedt fast in den Mund! Am kommenden Sonntag k\u00f6nnt Ihr euch selbst davon \u00fcberzeugen. Am 13. Oktober gehts f\u00fcr Euch ab 11 Uhr (bis 17 Uhr) los. Der Glaszwerg ist auch mit dabei &#8230; naja, ich bin gerade ein wenig m\u00e4\u00dfig begeistert weil ich drau\u00dfen zu finden sein werde &#8211; aber das werde ich sicherlich hinbekommen. Die Heizung kommt nat\u00fcrlich wieder mit! Und die Wettervorhersage sieht gar nicht so schlecht aus &#8211; wechselhaft mit gar nicht sooo viel Regen. Das sollte klappen!<\/p>\n","protected":false},"excerpt":{"rendered":"<p>&#8230; f\u00e4llt einem in Ahlerstedt fast in den Mund! Am kommenden Sonntag k\u00f6nnt Ihr euch selbst davon \u00fcberzeugen. Am 13.<\/p>\n","protected":false},"author":1,"featured_media":322,"comment_status":"open","ping_status":"open","sticky":false,"template":"","format":"standard","meta":{"_exactmetrics_skip_tracking":false,"_exactmetrics_sitenote_active":false,"_exactmetrics_sitenote_note":"","_exactmetrics_sitenote_category":0,"_jetpack_memberships_contains_paid_content":false,"footnotes":""},"categories":[48,78,8],"tags":[140,139,141],"class_list":["post-320","post","type-post","status-publish","format-standard","has-post-thumbnail","hentry","category-anhaenger","category-herbst","category-termine","tag-ahlerstedt","tag-apfel","tag-apfelmarkt"],"jetpack_featured_media_url":"https:\/\/glaszwerg.com\/wp-content\/uploads\/2019\/10\/Apfeltag-Ahlerstedt.jpg","jetpack_sharing_enabled":true,"_links":{"self":[{"href":"https:\/\/glaszwerg.com\/index.php?rest_route=\/wp\/v2\/posts\/320","targetHints":{"allow":["GET"]}}],"collection":[{"href":"https:\/\/glaszwerg.com\/index.php?rest_route=\/wp\/v2\/posts"}],"about":[{"href":"https:\/\/glaszwerg.com\/index.php?rest_route=\/wp\/v2\/types\/post"}],"author":[{"embeddable":true,"href":"https:\/\/glaszwerg.com\/index.php?rest_route=\/wp\/v2\/users\/1"}],"replies":[{"embeddable":true,"href":"https:\/\/glaszwerg.com\/index.php?rest_route=%2Fwp%2Fv2%2Fcomments&post=320"}],"version-history":[{"count":1,"href":"https:\/\/glaszwerg.com\/index.php?rest_route=\/wp\/v2\/posts\/320\/revisions"}],"predecessor-version":[{"id":324,"href":"https:\/\/glaszwerg.com\/index.php?rest_route=\/wp\/v2\/posts\/320\/revisions\/324"}],"wp:featuredmedia":[{"embeddable":true,"href":"https:\/\/glaszwerg.com\/index.php?rest_route=\/wp\/v2\/media\/322"}],"wp:attachment":[{"href":"https:\/\/glaszwerg.com\/index.php?rest_route=%2Fwp%2Fv2%2Fmedia&parent=320"}],"wp:term":[{"taxonomy":"category","embeddable":true,"href":"https:\/\/glaszwerg.com\/index.php?rest_route=%2Fwp%2Fv2%2Fcategories&post=320"},{"taxonomy":"post_tag","embeddable":true,"href":"https:\/\/glaszwerg.com\/index.php?rest_route=%2Fwp%2Fv2%2Ftags&post=320"}],"curies":[{"name":"wp","href":"https:\/\/api.w.org\/{rel}","templated":true}]}}