{"id":344,"date":"2019-10-19T11:01:37","date_gmt":"2019-10-19T11:01:37","guid":{"rendered":"http:\/\/glaszwerg.com\/?p=344"},"modified":"2019-10-19T11:01:37","modified_gmt":"2019-10-19T11:01:37","slug":"weihnachtsplaene","status":"publish","type":"post","link":"https:\/\/glaszwerg.com\/?p=344","title":{"rendered":"Weihnachtspl\u00e4ne?"},"content":{"rendered":"\n<p>Habt ihr schon Pl\u00e4ne f\u00fcr Weihnachten? Kommt ja immer so pl\u00f6tzlich &#8230; so kommt es mir manchmal zumindests vor, wenn mich noch kurz vor knapp Kundenw\u00fcnsche erreichen. Und ich freu mich nach wie vor auf die &#8222;besinnliche&#8220; Jahreszeit. Wenn der Christbaum schon steht und seinen Duft im Haus verbreitet&#8230; herrlich! Am liebsten w\u00fcrde ich den Baum schon im November aufstellen. <\/p>\n\n\n\n<p>Die beiden Drachen scheinen auch noch einiges vor zu haben &#8211; auf jeden Fall sind sie morgen bei Tausendsch\u00f6n in Bremen mit dabei und wer wei\u00df, vielleicht werden sie ja adoptiert, um im Adventkalender zu verschwinden und dann jemanden eine ganz besondere Freude zu machen.<\/p>\n\n\n\n<p>Noch k\u00f6nnt ihr \u00fcbrigens auch meinen Adventkalender ordern&#8230; Informationen dazu gebe ich euch gerne. Schreibt mir einfach eine Nachricht an glaszwerg@web.de oder eine WhatsApp Nachricht an 0175 8727925<\/p>\n","protected":false},"excerpt":{"rendered":"<p>Habt ihr schon Pl\u00e4ne f\u00fcr Weihnachten? Kommt ja immer so pl\u00f6tzlich &#8230; so kommt es mir manchmal zumindests vor, wenn<\/p>\n","protected":false},"author":1,"featured_media":346,"comment_status":"open","ping_status":"open","sticky":false,"template":"","format":"standard","meta":{"_exactmetrics_skip_tracking":false,"_exactmetrics_sitenote_active":false,"_exactmetrics_sitenote_note":"","_exactmetrics_sitenote_category":0,"_jetpack_memberships_contains_paid_content":false,"footnotes":""},"categories":[63,51,8,54,128],"tags":[],"class_list":["post-344","post","type-post","status-publish","format-standard","has-post-thumbnail","hentry","category-glasperlen-selber-machen","category-schreibtischwaechter","category-termine","category-tierisch","category-weihnachten"],"jetpack_featured_media_url":"https:\/\/glaszwerg.com\/wp-content\/uploads\/2019\/10\/weihnachtsdrachen.jpg","jetpack_sharing_enabled":true,"_links":{"self":[{"href":"https:\/\/glaszwerg.com\/index.php?rest_route=\/wp\/v2\/posts\/344","targetHints":{"allow":["GET"]}}],"collection":[{"href":"https:\/\/glaszwerg.com\/index.php?rest_route=\/wp\/v2\/posts"}],"about":[{"href":"https:\/\/glaszwerg.com\/index.php?rest_route=\/wp\/v2\/types\/post"}],"author":[{"embeddable":true,"href":"https:\/\/glaszwerg.com\/index.php?rest_route=\/wp\/v2\/users\/1"}],"replies":[{"embeddable":true,"href":"https:\/\/glaszwerg.com\/index.php?rest_route=%2Fwp%2Fv2%2Fcomments&post=344"}],"version-history":[{"count":1,"href":"https:\/\/glaszwerg.com\/index.php?rest_route=\/wp\/v2\/posts\/344\/revisions"}],"predecessor-version":[{"id":345,"href":"https:\/\/glaszwerg.com\/index.php?rest_route=\/wp\/v2\/posts\/344\/revisions\/345"}],"wp:featuredmedia":[{"embeddable":true,"href":"https:\/\/glaszwerg.com\/index.php?rest_route=\/wp\/v2\/media\/346"}],"wp:attachment":[{"href":"https:\/\/glaszwerg.com\/index.php?rest_route=%2Fwp%2Fv2%2Fmedia&parent=344"}],"wp:term":[{"taxonomy":"category","embeddable":true,"href":"https:\/\/glaszwerg.com\/index.php?rest_route=%2Fwp%2Fv2%2Fcategories&post=344"},{"taxonomy":"post_tag","embeddable":true,"href":"https:\/\/glaszwerg.com\/index.php?rest_route=%2Fwp%2Fv2%2Ftags&post=344"}],"curies":[{"name":"wp","href":"https:\/\/api.w.org\/{rel}","templated":true}]}}