{"id":3970,"date":"2020-07-13T21:05:16","date_gmt":"2020-07-13T21:05:16","guid":{"rendered":"https:\/\/glaszwerg.com\/?p=3970"},"modified":"2020-07-13T21:05:16","modified_gmt":"2020-07-13T21:05:16","slug":"glueck-im-glas","status":"publish","type":"post","link":"https:\/\/glaszwerg.com\/?p=3970","title":{"rendered":"Gl\u00fcck im Glas"},"content":{"rendered":"\n<p>Klein und fein&#8230;. die kleinen Marienk\u00e4fer tauchen im Garten auch immer wieder an allen Ecken auf &#8211; f\u00fcr mich sind sie kleine rote Sonnenschein-Boten. Und daher habe ich versucht, das Gef\u00fchl in die kleinen Gl\u00e4ser mit Korkenverschluss einzufangen &#8211; man kann die K\u00e4ferlis aber nat\u00fcrlich fliegen lassen und mit dem Edelstahlkarabiner an Bettelarmb\u00e4nder genau so wie an die Lieblingskette knipseln. <\/p>\n\n\n\n<p>\u00dcbrigens&#8230; es tut sich gerade sehr viel hier hinter den Kulissen&#8230; die finalen Planungen f\u00fcr das gro\u00dfe Glaszwergen-Event MOIN finden statt und halten mich auch sp\u00e4t nachts noch wach weil ich euch ein sch\u00f6nes Programm und einen tollen Laden bieten m\u00f6chte. Es wird sich jetzt fast t\u00e4glich was bewegen hier zu diesem Thema &#8211; bleibt dran!<\/p>\n","protected":false},"excerpt":{"rendered":"<p>Klein und fein&#8230;. die kleinen Marienk\u00e4fer tauchen im Garten auch immer wieder an allen Ecken auf &#8211; f\u00fcr mich sind<\/p>\n","protected":false},"author":1,"featured_media":3971,"comment_status":"open","ping_status":"open","sticky":false,"template":"","format":"standard","meta":{"_exactmetrics_skip_tracking":false,"_exactmetrics_sitenote_active":false,"_exactmetrics_sitenote_note":"","_exactmetrics_sitenote_category":0,"_jetpack_memberships_contains_paid_content":false,"footnotes":""},"categories":[48,472,8,54],"tags":[46,499,247],"class_list":["post-3970","post","type-post","status-publish","format-standard","has-post-thumbnail","hentry","category-anhaenger","category-moin","category-termine","category-tierisch","tag-anhaenger","tag-marienkaefer","tag-moin"],"jetpack_featured_media_url":"https:\/\/glaszwerg.com\/wp-content\/uploads\/2020\/07\/Gl\u00fcck-im-Glas.jpg","jetpack_sharing_enabled":true,"_links":{"self":[{"href":"https:\/\/glaszwerg.com\/index.php?rest_route=\/wp\/v2\/posts\/3970","targetHints":{"allow":["GET"]}}],"collection":[{"href":"https:\/\/glaszwerg.com\/index.php?rest_route=\/wp\/v2\/posts"}],"about":[{"href":"https:\/\/glaszwerg.com\/index.php?rest_route=\/wp\/v2\/types\/post"}],"author":[{"embeddable":true,"href":"https:\/\/glaszwerg.com\/index.php?rest_route=\/wp\/v2\/users\/1"}],"replies":[{"embeddable":true,"href":"https:\/\/glaszwerg.com\/index.php?rest_route=%2Fwp%2Fv2%2Fcomments&post=3970"}],"version-history":[{"count":1,"href":"https:\/\/glaszwerg.com\/index.php?rest_route=\/wp\/v2\/posts\/3970\/revisions"}],"predecessor-version":[{"id":3972,"href":"https:\/\/glaszwerg.com\/index.php?rest_route=\/wp\/v2\/posts\/3970\/revisions\/3972"}],"wp:featuredmedia":[{"embeddable":true,"href":"https:\/\/glaszwerg.com\/index.php?rest_route=\/wp\/v2\/media\/3971"}],"wp:attachment":[{"href":"https:\/\/glaszwerg.com\/index.php?rest_route=%2Fwp%2Fv2%2Fmedia&parent=3970"}],"wp:term":[{"taxonomy":"category","embeddable":true,"href":"https:\/\/glaszwerg.com\/index.php?rest_route=%2Fwp%2Fv2%2Fcategories&post=3970"},{"taxonomy":"post_tag","embeddable":true,"href":"https:\/\/glaszwerg.com\/index.php?rest_route=%2Fwp%2Fv2%2Ftags&post=3970"}],"curies":[{"name":"wp","href":"https:\/\/api.w.org\/{rel}","templated":true}]}}