{"id":4616,"date":"2021-03-02T14:51:29","date_gmt":"2021-03-02T14:51:29","guid":{"rendered":"https:\/\/glaszwerg.com\/?p=4616"},"modified":"2021-03-02T14:51:31","modified_gmt":"2021-03-02T14:51:31","slug":"himbeersorbet","status":"publish","type":"post","link":"https:\/\/glaszwerg.com\/?p=4616","title":{"rendered":"Himbeersorbet&#8230;"},"content":{"rendered":"\n<p>&#8230; und Marillensorbet, daran erinnern mich diese beiden Farben der KarinMarkers (selbstgekauft im Stifteparadies <a href=\"http:\/\/nordic-sale.de\">nordic-sale<\/a> \u00fcbrigens ). Und da war mir einfach danach gestern Abend. Ich war auf der Suche nach einem guten Motiv f\u00fcr ein Posting und da hab ich zu den Stiften gegriffen. Dabei ist mir aufgefallen, dass ich schon lange kein Lettering mehr geschrieben habe, sondern im Moment eher den Pinsel schwinge als &#8222;Me-Time&#8220;. Aber gestern war das wieder richtig sch\u00f6n und bei dem kleinen Formaten der Papierbl\u00f6cke (\u00fcbrigens auch von Nordic-Sale) hat man auch gleich ein Ergebnis. Und zu diesen Farben passt eben der Anh\u00e4nger. Off-Mandrell &#8211; auch schon ewig nicht mehr gewerkelt. Vielleicht folgen noch ein paar. Aber f\u00fcr den Garten ist es noch ein wenig zu kalt, da verkr\u00fcmel ich mich lieber an meinen Kreativ-Tisch oder hinter den Brenner.<\/p>\n","protected":false},"excerpt":{"rendered":"<p>&#8230; und Marillensorbet, daran erinnern mich diese beiden Farben der KarinMarkers (selbstgekauft im Stifteparadies nordic-sale \u00fcbrigens ). Und da war<\/p>\n","protected":false},"author":1,"featured_media":4617,"comment_status":"open","ping_status":"open","sticky":false,"template":"","format":"standard","meta":{"_exactmetrics_skip_tracking":false,"_exactmetrics_sitenote_active":false,"_exactmetrics_sitenote_note":"","_exactmetrics_sitenote_category":0,"_jetpack_memberships_contains_paid_content":false,"footnotes":""},"categories":[48,217,63,32,465,456],"tags":[46,746,744,743,745],"class_list":["post-4616","post","type-post","status-publish","format-standard","has-post-thumbnail","hentry","category-anhaenger","category-fruehling","category-glasperlen-selber-machen","category-lettering","category-nordic-sale","category-schmueckendes","tag-anhaenger","tag-fruehlingsduft","tag-karinmarkers","tag-nordic-sale-2","tag-off-mandrell"],"jetpack_featured_media_url":"https:\/\/glaszwerg.com\/wp-content\/uploads\/2021\/03\/Maerz-Anhaenger.jpg","jetpack_sharing_enabled":true,"_links":{"self":[{"href":"https:\/\/glaszwerg.com\/index.php?rest_route=\/wp\/v2\/posts\/4616","targetHints":{"allow":["GET"]}}],"collection":[{"href":"https:\/\/glaszwerg.com\/index.php?rest_route=\/wp\/v2\/posts"}],"about":[{"href":"https:\/\/glaszwerg.com\/index.php?rest_route=\/wp\/v2\/types\/post"}],"author":[{"embeddable":true,"href":"https:\/\/glaszwerg.com\/index.php?rest_route=\/wp\/v2\/users\/1"}],"replies":[{"embeddable":true,"href":"https:\/\/glaszwerg.com\/index.php?rest_route=%2Fwp%2Fv2%2Fcomments&post=4616"}],"version-history":[{"count":1,"href":"https:\/\/glaszwerg.com\/index.php?rest_route=\/wp\/v2\/posts\/4616\/revisions"}],"predecessor-version":[{"id":4618,"href":"https:\/\/glaszwerg.com\/index.php?rest_route=\/wp\/v2\/posts\/4616\/revisions\/4618"}],"wp:featuredmedia":[{"embeddable":true,"href":"https:\/\/glaszwerg.com\/index.php?rest_route=\/wp\/v2\/media\/4617"}],"wp:attachment":[{"href":"https:\/\/glaszwerg.com\/index.php?rest_route=%2Fwp%2Fv2%2Fmedia&parent=4616"}],"wp:term":[{"taxonomy":"category","embeddable":true,"href":"https:\/\/glaszwerg.com\/index.php?rest_route=%2Fwp%2Fv2%2Fcategories&post=4616"},{"taxonomy":"post_tag","embeddable":true,"href":"https:\/\/glaszwerg.com\/index.php?rest_route=%2Fwp%2Fv2%2Ftags&post=4616"}],"curies":[{"name":"wp","href":"https:\/\/api.w.org\/{rel}","templated":true}]}}