{"id":5026,"date":"2021-11-28T10:09:41","date_gmt":"2021-11-28T10:09:41","guid":{"rendered":"https:\/\/glaszwerg.com\/?p=5026"},"modified":"2021-11-28T10:09:44","modified_gmt":"2021-11-28T10:09:44","slug":"wunderschoenen-1-advent-sonntag","status":"publish","type":"post","link":"https:\/\/glaszwerg.com\/?p=5026","title":{"rendered":"Wundersch\u00f6nen 1. Advent-Sonntag!"},"content":{"rendered":"\n<p>Und *zack* geht sie los die &#8222;besinnliche&#8220; Adventszeit. Der erste Adventsonntag ist nun da &#8211; was habt ihr vor? Ich hatte ja letztes Jahr schon &#8222;Ruhe&#8220; durch den Ausfall der M\u00e4rkte, dieses Jahr wieder &#8211; nein, ich beklage mich nicht. Es ist ungewohnt, nach wie vor. Aber auch entspannender und ich habe mir tats\u00e4chlich vorgenommen, auch n\u00e4chstes Jahr nur mehr an sehr wenigen Veranstaltungen teilzunehmen. Vor allem am Ende des Jahres war oft die Luft wirklich raus und jetzt ist noch mehr Energie \u00fcbrig, auch f\u00fcr neue Ideen und andere kreative Dinge. &#8222;Eine Verabredung mit sich selbst machen&#8220;&#8230;. das steht \u00f6fters in Zeitmanagement-B\u00fcchern geschrieben, um sich eine bewusste Auszeit zu verschaffen. Es hilft wirklich, um den M\u00fchlen des Alltags zu entfliehen. Macht ihr das auch?<\/p>\n","protected":false},"excerpt":{"rendered":"<p>Und *zack* geht sie los die &#8222;besinnliche&#8220; Adventszeit. Der erste Adventsonntag ist nun da &#8211; was habt ihr vor? Ich<\/p>\n","protected":false},"author":1,"featured_media":5027,"comment_status":"open","ping_status":"open","sticky":false,"template":"","format":"standard","meta":{"_exactmetrics_skip_tracking":false,"_exactmetrics_sitenote_active":false,"_exactmetrics_sitenote_note":"","_exactmetrics_sitenote_category":0,"_jetpack_memberships_contains_paid_content":false,"footnotes":""},"categories":[774,82,63,8,54,128],"tags":[654,132,903],"class_list":["post-5026","post","type-post","status-publish","format-standard","has-post-thumbnail","hentry","category-blumenstecker","category-fliegenpilz","category-glasperlen-selber-machen","category-termine","category-tierisch","category-weihnachten","tag-advent","tag-adventkranz","tag-adventszeit"],"jetpack_featured_media_url":"https:\/\/glaszwerg.com\/wp-content\/uploads\/2021\/11\/Adventkranz-2021.jpg","jetpack_sharing_enabled":true,"_links":{"self":[{"href":"https:\/\/glaszwerg.com\/index.php?rest_route=\/wp\/v2\/posts\/5026","targetHints":{"allow":["GET"]}}],"collection":[{"href":"https:\/\/glaszwerg.com\/index.php?rest_route=\/wp\/v2\/posts"}],"about":[{"href":"https:\/\/glaszwerg.com\/index.php?rest_route=\/wp\/v2\/types\/post"}],"author":[{"embeddable":true,"href":"https:\/\/glaszwerg.com\/index.php?rest_route=\/wp\/v2\/users\/1"}],"replies":[{"embeddable":true,"href":"https:\/\/glaszwerg.com\/index.php?rest_route=%2Fwp%2Fv2%2Fcomments&post=5026"}],"version-history":[{"count":1,"href":"https:\/\/glaszwerg.com\/index.php?rest_route=\/wp\/v2\/posts\/5026\/revisions"}],"predecessor-version":[{"id":5028,"href":"https:\/\/glaszwerg.com\/index.php?rest_route=\/wp\/v2\/posts\/5026\/revisions\/5028"}],"wp:featuredmedia":[{"embeddable":true,"href":"https:\/\/glaszwerg.com\/index.php?rest_route=\/wp\/v2\/media\/5027"}],"wp:attachment":[{"href":"https:\/\/glaszwerg.com\/index.php?rest_route=%2Fwp%2Fv2%2Fmedia&parent=5026"}],"wp:term":[{"taxonomy":"category","embeddable":true,"href":"https:\/\/glaszwerg.com\/index.php?rest_route=%2Fwp%2Fv2%2Fcategories&post=5026"},{"taxonomy":"post_tag","embeddable":true,"href":"https:\/\/glaszwerg.com\/index.php?rest_route=%2Fwp%2Fv2%2Ftags&post=5026"}],"curies":[{"name":"wp","href":"https:\/\/api.w.org\/{rel}","templated":true}]}}