{"id":5163,"date":"2022-03-13T10:51:32","date_gmt":"2022-03-13T10:51:32","guid":{"rendered":"https:\/\/glaszwerg.com\/?p=5163"},"modified":"2022-03-13T10:51:35","modified_gmt":"2022-03-13T10:51:35","slug":"endlich-wieder-unterwegs","status":"publish","type":"post","link":"https:\/\/glaszwerg.com\/?p=5163","title":{"rendered":"Endlich wieder unterwegs!"},"content":{"rendered":"\n<p>Ich bin schon m\u00e4chtig nerv\u00f6s! Wie immer beherrscht mich eine Frage: wird es genug sein? &#8230; und dann noch ein wenig &#8222;werden die Perlen auch den Besuchern gefallen&#8220; &#8230; und auch ein wenig &#8222;hoffentlich stecke ich mich nicht an&#8220;&#8230; aber letztere Frage versuche ich irgendwie auszublenden. Es ist wirklich schwierig. Ich habe mich die letzten zwei Jahre extrem zur\u00fcck gehalten mit allem was zwischenmenschliche Kontakte betraf und jetzt, wo die Infektionszahlen h\u00f6her als nie zu vor sind, geh ich wieder zum Markt? Schr\u00e4ge Welt. Auf jeden Fall steht f\u00fcr mich fest, welche Eingangsvoraussetzungen es auch immer geben wird (derzeit 3 G-Regel ohne Maskenpflicht), f\u00fcr mich steht fest: ich werde Maske tragen. Und ich bleibe hinter meinem Stand stehen (somit muss ich ihn auch so gestalten, dass ich von hinten auch agieren kann&#8230; ich mach gleich mal einen Probeaufbau&#8230; vielleicht beruhigt sich mein Gedankenkarusell dann wenig&#8230;.<\/p>\n","protected":false},"excerpt":{"rendered":"<p>Ich bin schon m\u00e4chtig nerv\u00f6s! Wie immer beherrscht mich eine Frage: wird es genug sein? &#8230; und dann noch ein<\/p>\n","protected":false},"author":1,"featured_media":5164,"comment_status":"open","ping_status":"open","sticky":false,"template":"","format":"standard","meta":{"_exactmetrics_skip_tracking":false,"_exactmetrics_sitenote_active":false,"_exactmetrics_sitenote_note":"","_exactmetrics_sitenote_category":0,"_jetpack_memberships_contains_paid_content":false,"footnotes":""},"categories":[23,217,459,8],"tags":[930,931],"class_list":["post-5163","post","type-post","status-publish","format-standard","has-post-thumbnail","hentry","category-bullet-journal","category-fruehling","category-lesezeichen","category-termine","tag-glaszwergontour","tag-tausendschoen-bremen"],"jetpack_featured_media_url":"https:\/\/glaszwerg.com\/wp-content\/uploads\/2022\/03\/tausendschoen-2022.jpg","jetpack_sharing_enabled":true,"_links":{"self":[{"href":"https:\/\/glaszwerg.com\/index.php?rest_route=\/wp\/v2\/posts\/5163","targetHints":{"allow":["GET"]}}],"collection":[{"href":"https:\/\/glaszwerg.com\/index.php?rest_route=\/wp\/v2\/posts"}],"about":[{"href":"https:\/\/glaszwerg.com\/index.php?rest_route=\/wp\/v2\/types\/post"}],"author":[{"embeddable":true,"href":"https:\/\/glaszwerg.com\/index.php?rest_route=\/wp\/v2\/users\/1"}],"replies":[{"embeddable":true,"href":"https:\/\/glaszwerg.com\/index.php?rest_route=%2Fwp%2Fv2%2Fcomments&post=5163"}],"version-history":[{"count":1,"href":"https:\/\/glaszwerg.com\/index.php?rest_route=\/wp\/v2\/posts\/5163\/revisions"}],"predecessor-version":[{"id":5165,"href":"https:\/\/glaszwerg.com\/index.php?rest_route=\/wp\/v2\/posts\/5163\/revisions\/5165"}],"wp:featuredmedia":[{"embeddable":true,"href":"https:\/\/glaszwerg.com\/index.php?rest_route=\/wp\/v2\/media\/5164"}],"wp:attachment":[{"href":"https:\/\/glaszwerg.com\/index.php?rest_route=%2Fwp%2Fv2%2Fmedia&parent=5163"}],"wp:term":[{"taxonomy":"category","embeddable":true,"href":"https:\/\/glaszwerg.com\/index.php?rest_route=%2Fwp%2Fv2%2Fcategories&post=5163"},{"taxonomy":"post_tag","embeddable":true,"href":"https:\/\/glaszwerg.com\/index.php?rest_route=%2Fwp%2Fv2%2Ftags&post=5163"}],"curies":[{"name":"wp","href":"https:\/\/api.w.org\/{rel}","templated":true}]}}