{"id":6460,"date":"2025-10-31T10:36:31","date_gmt":"2025-10-31T10:36:31","guid":{"rendered":"https:\/\/glaszwerg.com\/?p=6460"},"modified":"2025-10-31T10:37:47","modified_gmt":"2025-10-31T10:37:47","slug":"heute-werden-wieder-kisten-gepackt","status":"publish","type":"post","link":"https:\/\/glaszwerg.com\/?p=6460","title":{"rendered":"Heute werden wieder Kisten gepackt"},"content":{"rendered":"\n<p>Sehen wir uns am Wochenende in Wiesmoor in der Blumenhalle? Ich bin zum ersten Mal dabei und schon mehr als gespannt auf diese sch\u00f6ne Veranstaltung. Ich kenne ja schon den Standplan und es sind so wundervoll vielf\u00e4ltige Kunsthandwerker vor Ort zu entdecken. Da werde ich sicherlich auch wieder zum Shoppen verleitet. Kommt uns doch besuchen!  Um 11 Uhr geht es am 01.11.2025 los &#8211; und ja, hier im Norden ist Allerheiligen kein Feiertag &#8211; daf\u00fcr gibt es aber heute einen Feiertag, den Reformationstag. <\/p>\n\n\n\n<p>Ich bin aber sehr dankbar daf\u00fcr, dass die Veranstalter uns dennoch die M\u00f6glichkeit geben, heute schon die Sch\u00e4tze rein zu tragen und aufzubauen. Das erleichtert dann den Start in den ersten Veranstaltungstag ungemein. Also mache ich mich jetzt schnell ans Packen der Kisten und werde am Nachmittag f\u00fcr euch schon mal alles sch\u00f6n fein vorbereiten. <\/p>\n","protected":false},"excerpt":{"rendered":"<p>Sehen wir uns am Wochenende in Wiesmoor in der Blumenhalle? Ich bin zum ersten Mal dabei und schon mehr als<\/p>\n","protected":false},"author":1,"featured_media":6461,"comment_status":"open","ping_status":"open","sticky":false,"template":"","format":"standard","meta":{"_exactmetrics_skip_tracking":false,"_exactmetrics_sitenote_active":false,"_exactmetrics_sitenote_note":"","_exactmetrics_sitenote_category":0,"_jetpack_memberships_contains_paid_content":false,"footnotes":""},"categories":[8,128,156,52],"tags":[358,9,1168,60,989],"class_list":["post-6460","post","type-post","status-publish","format-standard","has-post-thumbnail","hentry","category-termine","category-weihnachten","category-winter","category-zwerg","tag-deko","tag-glaszwerg-unterwegs","tag-glaszwergf","tag-kunsthandwerkermarkt","tag-weihnachtsmarkt"],"jetpack_featured_media_url":"https:\/\/glaszwerg.com\/wp-content\/uploads\/2025\/10\/feines-Gedoens-25.jpg","jetpack_sharing_enabled":true,"_links":{"self":[{"href":"https:\/\/glaszwerg.com\/index.php?rest_route=\/wp\/v2\/posts\/6460","targetHints":{"allow":["GET"]}}],"collection":[{"href":"https:\/\/glaszwerg.com\/index.php?rest_route=\/wp\/v2\/posts"}],"about":[{"href":"https:\/\/glaszwerg.com\/index.php?rest_route=\/wp\/v2\/types\/post"}],"author":[{"embeddable":true,"href":"https:\/\/glaszwerg.com\/index.php?rest_route=\/wp\/v2\/users\/1"}],"replies":[{"embeddable":true,"href":"https:\/\/glaszwerg.com\/index.php?rest_route=%2Fwp%2Fv2%2Fcomments&post=6460"}],"version-history":[{"count":1,"href":"https:\/\/glaszwerg.com\/index.php?rest_route=\/wp\/v2\/posts\/6460\/revisions"}],"predecessor-version":[{"id":6462,"href":"https:\/\/glaszwerg.com\/index.php?rest_route=\/wp\/v2\/posts\/6460\/revisions\/6462"}],"wp:featuredmedia":[{"embeddable":true,"href":"https:\/\/glaszwerg.com\/index.php?rest_route=\/wp\/v2\/media\/6461"}],"wp:attachment":[{"href":"https:\/\/glaszwerg.com\/index.php?rest_route=%2Fwp%2Fv2%2Fmedia&parent=6460"}],"wp:term":[{"taxonomy":"category","embeddable":true,"href":"https:\/\/glaszwerg.com\/index.php?rest_route=%2Fwp%2Fv2%2Fcategories&post=6460"},{"taxonomy":"post_tag","embeddable":true,"href":"https:\/\/glaszwerg.com\/index.php?rest_route=%2Fwp%2Fv2%2Ftags&post=6460"}],"curies":[{"name":"wp","href":"https:\/\/api.w.org\/{rel}","templated":true}]}}