{"id":6598,"date":"2026-04-28T11:21:07","date_gmt":"2026-04-28T11:21:07","guid":{"rendered":"https:\/\/glaszwerg.com\/?p=6598"},"modified":"2026-04-28T11:29:38","modified_gmt":"2026-04-28T11:29:38","slug":"ganz-viel-gedoens","status":"publish","type":"post","link":"https:\/\/glaszwerg.com\/?p=6598","title":{"rendered":"Ganz viel Ged\u00f6ns&#8230;"},"content":{"rendered":"\n<p>&#8230; wird gerade im Glaszwergenreich gepackt &#8211; NEIN! Keine Angst, der Glaszwerg bleibt. Aber das GlaszwergenKind zieht aus und zwar nicht um die Ecke sondern nach \u00d6sterreich.<\/p>\n\n\n\n<p>Das GlaszwergenMutterHerz ist nat\u00fcrlich stolz, dass es den Nachwuchs wieder zur\u00fcck in die Heimat zieht. Die Gro\u00dfeltern freuen sich schon sehr dar\u00fcber. Nat\u00fcrlich weint das GlaszwergenMutterHerz aber auch ein klein wenig, aber ich bin mir sicher, es wird gro\u00dfartig! Und dabei unterst\u00fctze ich nat\u00fcrlich so gut es geht. <\/p>\n\n\n\n<p>Von diesen Aktivit\u00e4ten ist nat\u00fcrlich auch das Glaszwergenreich betroffen. Ich habe in weiser Voraussicht kaum M\u00e4rkte gebucht dieses Jahr und der einzige, der schon seit fast einem Jahr feststand musste leider abgesagt werden. Ich bin hoffentlich im Mai noch in Bremerhaven mit dabei &#8211; hier fehlt jedoch noch die Best\u00e4tigung. Und dann im Herbst wird es sicherlich auch wieder mehr von mir und dem Glaszwergenreich on Tour zu sehen geben. <\/p>\n\n\n\n<p>Aber selbstverst\u00e4ndlich bleibt der Shop ge\u00f6ffnet und ihr habt immer die M\u00f6glichkeit mir eine WhatsApp Nachricht, eine PM \u00fcber Insta oder Facebook oder eine Email an glaszwerg@web.de zu senden, wenn ich euch W\u00fcnsche erf\u00fcllen darf. Nat\u00fcrlich sitze ich weiterhin flei\u00dfig am Brenner, denn die Fachl Filialen wollen auch alle auf jeden Fall immer aktuell beliefert werden. <\/p>\n","protected":false},"excerpt":{"rendered":"<p>&#8230; wird gerade im Glaszwergenreich gepackt &#8211; NEIN! Keine Angst, der Glaszwerg bleibt. Aber das GlaszwergenKind zieht aus und zwar<\/p>\n","protected":false},"author":1,"featured_media":6600,"comment_status":"open","ping_status":"open","sticky":false,"template":"","format":"standard","meta":{"_exactmetrics_skip_tracking":false,"_exactmetrics_sitenote_active":false,"_exactmetrics_sitenote_note":"","_exactmetrics_sitenote_category":0,"_jetpack_memberships_contains_paid_content":false,"footnotes":""},"categories":[1123,1146,1013,1189],"tags":[734,808,1194,1193],"class_list":["post-6598","post","type-post","status-publish","format-standard","has-post-thumbnail","hentry","category-beetgefluester","category-glaszwerg-toepfert","category-glaszwerg-unterwegs","category-sfachl","tag-blumenstecker","tag-gartendeko","tag-gartenstecker","tag-gedoens"],"jetpack_featured_media_url":"https:\/\/glaszwerg.com\/wp-content\/uploads\/2026\/04\/Gedoens.jpg","jetpack_sharing_enabled":true,"_links":{"self":[{"href":"https:\/\/glaszwerg.com\/index.php?rest_route=\/wp\/v2\/posts\/6598","targetHints":{"allow":["GET"]}}],"collection":[{"href":"https:\/\/glaszwerg.com\/index.php?rest_route=\/wp\/v2\/posts"}],"about":[{"href":"https:\/\/glaszwerg.com\/index.php?rest_route=\/wp\/v2\/types\/post"}],"author":[{"embeddable":true,"href":"https:\/\/glaszwerg.com\/index.php?rest_route=\/wp\/v2\/users\/1"}],"replies":[{"embeddable":true,"href":"https:\/\/glaszwerg.com\/index.php?rest_route=%2Fwp%2Fv2%2Fcomments&post=6598"}],"version-history":[{"count":1,"href":"https:\/\/glaszwerg.com\/index.php?rest_route=\/wp\/v2\/posts\/6598\/revisions"}],"predecessor-version":[{"id":6602,"href":"https:\/\/glaszwerg.com\/index.php?rest_route=\/wp\/v2\/posts\/6598\/revisions\/6602"}],"wp:featuredmedia":[{"embeddable":true,"href":"https:\/\/glaszwerg.com\/index.php?rest_route=\/wp\/v2\/media\/6600"}],"wp:attachment":[{"href":"https:\/\/glaszwerg.com\/index.php?rest_route=%2Fwp%2Fv2%2Fmedia&parent=6598"}],"wp:term":[{"taxonomy":"category","embeddable":true,"href":"https:\/\/glaszwerg.com\/index.php?rest_route=%2Fwp%2Fv2%2Fcategories&post=6598"},{"taxonomy":"post_tag","embeddable":true,"href":"https:\/\/glaszwerg.com\/index.php?rest_route=%2Fwp%2Fv2%2Ftags&post=6598"}],"curies":[{"name":"wp","href":"https:\/\/api.w.org\/{rel}","templated":true}]}}